{"id":10718,"date":"2025-08-20T01:47:47","date_gmt":"2025-08-19T22:47:47","guid":{"rendered":"https:\/\/dgam.gov.sy\/?p=10718"},"modified":"2025-08-20T01:53:23","modified_gmt":"2025-08-19T22:53:23","slug":"selim-adel-abdel-haq","status":"publish","type":"post","link":"https:\/\/dgam.gov.sy\/?p=10718&lang=fr","title":{"rendered":"Selim Adel Abdel Haq"},"content":{"rendered":"\t\t<div data-elementor-type=\"wp-post\" data-elementor-id=\"10718\" class=\"elementor elementor-10718\">\n\t\t\t\t<div class=\"elementor-element elementor-element-92be641 e-flex e-con-boxed e-con e-parent\" data-id=\"92be641\" data-element_type=\"container\" data-e-type=\"container\" data-settings=\"{&quot;background_background&quot;:&quot;classic&quot;}\">\n\t\t\t\t\t<div class=\"e-con-inner\">\n\t\t<div class=\"elementor-element elementor-element-089072e e-con-full e-flex e-con e-child\" data-id=\"089072e\" data-element_type=\"container\" data-e-type=\"container\">\n\t\t\t\t<\/div>\n\t\t\t\t\t<\/div>\n\t\t\t\t<\/div>\n\t\t<div class=\"elementor-element elementor-element-648c0d5 e-flex e-con-boxed e-con e-parent\" data-id=\"648c0d5\" data-element_type=\"container\" data-e-type=\"container\" data-settings=\"{&quot;background_background&quot;:&quot;classic&quot;}\">\n\t\t\t\t\t<div class=\"e-con-inner\">\n\t\t<div class=\"elementor-element elementor-element-54f6803 e-con-full e-flex e-con e-child\" data-id=\"54f6803\" data-element_type=\"container\" data-e-type=\"container\" data-settings=\"{&quot;background_background&quot;:&quot;classic&quot;}\">\n\t\t\t\t<div class=\"elementor-element elementor-element-17a36f2 elementor-widget elementor-widget-image\" data-id=\"17a36f2\" data-element_type=\"widget\" data-e-type=\"widget\" data-widget_type=\"image.default\">\n\t\t\t\t<div class=\"elementor-widget-container\">\n\t\t\t\t\t\t\t\t\t\t\t\t\t\t\t<img fetchpriority=\"high\" decoding=\"async\" width=\"377\" height=\"389\" src=\"https:\/\/dgam.gov.sy\/wp-content\/uploads\/2025\/05\/n1353530780-e1748039142485.jpg\" class=\"attachment-large size-large wp-image-10141\" alt=\"\" srcset=\"https:\/\/dgam.gov.sy\/wp-content\/uploads\/2025\/05\/n1353530780-e1748039142485.jpg 377w, https:\/\/dgam.gov.sy\/wp-content\/uploads\/2025\/05\/n1353530780-e1748039142485-291x300.jpg 291w\" sizes=\"(max-width: 377px) 100vw, 377px\" \/>\t\t\t\t\t\t\t\t\t\t\t\t\t\t\t<\/div>\n\t\t\t\t<\/div>\n\t\t\t\t<div class=\"elementor-element elementor-element-ed6617b elementor-widget elementor-widget-heading\" data-id=\"ed6617b\" data-element_type=\"widget\" data-e-type=\"widget\" data-widget_type=\"heading.default\">\n\t\t\t\t<div class=\"elementor-widget-container\">\n\t\t\t\t\t<h2 class=\"elementor-heading-title elementor-size-default\">Selim Adel Abdel Haq<\/h2>\t\t\t\t<\/div>\n\t\t\t\t<\/div>\n\t\t\t\t<div class=\"elementor-element elementor-element-642731b elementor-widget elementor-widget-text-editor\" data-id=\"642731b\" data-element_type=\"widget\" data-e-type=\"widget\" data-widget_type=\"text-editor.default\">\n\t\t\t\t<div class=\"elementor-widget-container\">\n\t\t\t\t\t\t\t\t\t<p>La Syrie n\u2019a cess\u00e9 de donner naissance \u00e0 l\u2019histoire et aux hommes, civilisation apr\u00e8s civilisation, et homme apr\u00e8s homme, chacun transmettant le flambeau \u00e0 son successeur, et les anc\u00eatres ne se sont jamais lass\u00e9s de cr\u00e9er.<\/p>\t\t\t\t\t\t\t\t<\/div>\n\t\t\t\t<\/div>\n\t\t\t\t<\/div>\n\t\t<div class=\"elementor-element elementor-element-018fc35 e-con-full e-flex e-con e-child\" data-id=\"018fc35\" data-element_type=\"container\" data-e-type=\"container\">\n\t\t\t\t<div class=\"elementor-element elementor-element-f3febb4 elementor-widget elementor-widget-text-editor\" data-id=\"f3febb4\" data-element_type=\"widget\" data-e-type=\"widget\" data-widget_type=\"text-editor.default\">\n\t\t\t\t<div class=\"elementor-widget-container\">\n\t\t\t\t\t\t\t\t\t<p data-start=\"38\" data-end=\"652\">le 14 d\u00e9cembre 1913. D\u00e8s son plus jeune \u00e2ge, il attira l\u2019attention de ses parents et de son entourage par son intelligence aigu\u00eb et sa grande attention aux d\u00e9tails. Il suivit son \u00e9ducation en deux \u00e9tapes : la premi\u00e8re d\u00e9buta en 1919 lorsqu\u2019il entra \u00e0 l\u2019\u00e9cole primaire Al-Bahsa, puis \u00e0 l\u2019\u00e9cole primaire Al-Malik Al-Adel ; ensuite, il poursuivit ses \u00e9tudes secondaires \u00e0 Damas, compl\u00e9tant les cycles pr\u00e9paratoire et secondaire. Par la suite, il int\u00e9gra l\u2019\u00c9cole des instituteurs o\u00f9 il obtint son dipl\u00f4me.<\/p><p data-start=\"654\" data-end=\"1418\">Comme les dipl\u00f4m\u00e9s de l\u2019\u00c9cole des instituteurs n\u2019\u00e9taient pas autoris\u00e9s \u00e0 poursuivre leurs \u00e9tudes \u00e0 l\u2019Universit\u00e9 syrienne, et que le minist\u00e8re de l\u2019\u00c9ducation envoyait certains \u00e9tudiants brillants \u00e0 l\u2019\u00e9tranger, il eut l\u2019opportunit\u00e9 d\u2019\u00eatre envoy\u00e9 en France, marquant le d\u00e9but de la deuxi\u00e8me \u00e9tape de sa vie consacr\u00e9e \u00e0 l\u2019apprentissage et \u00e0 l\u2019acquisition des connaissances. \u00c0 Paris, Salim Adel Abdel Haq v\u00e9cut avec un groupe de jeunes envoy\u00e9s \u00e0 l\u2019\u00e9tranger, qui deviendront plus tard des figures \u00e9minentes de l\u2019\u00c9tat et de l\u2019\u00e9ducation dans divers domaines. Il obtint une licence en histoire de l\u2019art, suivie d\u2019un dipl\u00f4me de l\u2019Institut du Louvre en arts et arch\u00e9ologie, et \u00e9tudia parall\u00e8lement l\u2019urbanisme \u00e0 Paris, domaine dans lequel il d\u00e9crocha \u00e9galement un doctorat.<\/p><p data-start=\"1420\" data-end=\"1769\">Tout cela se d\u00e9roula avant et pendant la Seconde Guerre mondiale, avec les difficult\u00e9s que celle-ci engendra pour les \u00e9tudiants \u00e0 l\u2019\u00e9tranger. Durant ses \u00e9tudes doctorales, il rencontra sa future \u00e9pouse Andr\u00e9a Jean Mobier, avec qui il eut deux enfants : un fils et une fille, Samir, docteur en urbanisme, et Mai, sp\u00e9cialis\u00e9e en sciences politiques.<\/p><p data-start=\"1771\" data-end=\"2168\">Salim Adel Abdel Haq commen\u00e7a sa carri\u00e8re professionnelle comme instituteur dans les \u00e9coles primaires de Damas en 1933, \u00e0 l\u2019\u00e2ge de vingt ans, puis fut nomm\u00e9 professeur dans les lyc\u00e9es de Damas en 1940. De retour de France en 1945, il fut nomm\u00e9 conservateur g\u00e9n\u00e9ral du Mus\u00e9e national de Damas, succ\u00e9dant au prince Jaafar Al-Husseini, qui avait dirig\u00e9 le mus\u00e9e depuis sa cr\u00e9ation initiale en 1935.<\/p><p data-start=\"2170\" data-end=\"2813\">Il convient de rappeler que le Mus\u00e9e national de Damas fut fond\u00e9 en 1919 sous le nom de \u00ab Division des antiquit\u00e9s et des biblioth\u00e8ques \u00bb rattach\u00e9e au \u00ab Diwan des connaissances \u00bb, dirig\u00e9 par l\u2019\u00e9rudit Mohammad Kurd Ali. Abdo Kahil fut charg\u00e9 de la gestion de la division \u00e0 sa cr\u00e9ation. Elle se trouvait alors dans une petite pi\u00e8ce de l\u2019\u00e9cole Al-Adliyya, avant de devenir le \u00ab Mus\u00e9e royal \u00bb apr\u00e8s le couronnement du roi Fay\u00e7al en 1920, sous la direction de Mahmoud Wahbi, jusqu\u2019au retour du prince Jaafar Al-Husseini en 1935 apr\u00e8s ses \u00e9tudes en France, et le d\u00e9m\u00e9nagement vers le si\u00e8ge actuel du mus\u00e9e, con\u00e7u par l\u2019ing\u00e9nieur fran\u00e7ais \u00c9couchard.<\/p><p data-start=\"2815\" data-end=\"3260\">Ainsi, en 1945, le Dr. Salim Adel Abdel Haq devint conservateur du Mus\u00e9e national de Damas et fut peu apr\u00e8s charg\u00e9 d\u2019enseigner \u00e0 la Facult\u00e9 des lettres, d\u00e9partement d\u2019histoire, de 1948 \u00e0 1964, notamment l\u2019histoire romaine et byzantine. Il enseigna \u00e9galement l\u2019histoire de l\u2019architecture \u00e0 la Facult\u00e9 de g\u00e9nie civil de Damas entre 1959 et 1964, se distinguant par son style rigoureux et captivant, son langage fluide et sa rh\u00e9torique \u00e9loquente.<\/p><p data-start=\"3262\" data-end=\"3765\">En 1950, il fut nomm\u00e9 directeur g\u00e9n\u00e9ral des Antiquit\u00e9s. Sous sa direction, le Mus\u00e9e national de Damas et la Direction g\u00e9n\u00e9rale des Antiquit\u00e9s devinrent des centres d\u2019excellence scientifique et pratique. Il promulgua la loi syrienne sur les antiquit\u00e9s, reconnue par l\u2019UNESCO comme mod\u00e8le, et fit traduire le texte en fran\u00e7ais. Il \u00e9tablit \u00e9galement le r\u00e8glement interne de la direction g\u00e9n\u00e9rale, offrant aux employ\u00e9s des sp\u00e9cialisations ind\u00e9pendantes et organisant le travail de mani\u00e8re professionnelle.<\/p><p data-start=\"3767\" data-end=\"4364\">Il supervisa l\u2019expansion du mus\u00e9e et la cr\u00e9ation de nouvelles directions : Ing\u00e9nierie, Fouilles, Recherches, Mus\u00e9es, Inspection, et Documents historiques (fond\u00e9e par le Dr. Mohammad Nader Al-Attar). Il r\u00e9alisa plusieurs extensions du mus\u00e9e national, inaugurant en 1947 et 1955 de nouvelles salles pour les sections islamiques et orientales, ainsi que la Salle chamienne dans les ann\u00e9es 1960, offerte par Jamil Mardam Bey. Il divisa le mus\u00e9e en quatre sections : Ancienne Syrie, Classique, Islamique et Moderne, chacune dirig\u00e9e par un conservateur sous la supervision d\u2019un conservateur principal.<\/p><p data-start=\"4366\" data-end=\"4929\">Il entreprit la restauration de l\u2019\u00e9cole Al-Jaqmaqiya pour en faire un mus\u00e9e de calligraphie arabe, ouvert finalement en 1983, et cr\u00e9a le Mus\u00e9e des traditions populaires (Palais Al-Azm) avec l\u2019ethnographe Shafik Al-Imam, consid\u00e9r\u00e9 comme l\u2019un des plus beaux mus\u00e9es au monde pour son emplacement et sa conception. \u00c0 Hama, il fonda un mus\u00e9e des arts populaires au Palais Al-Azm et supervisa le transfert de la fa\u00e7ade occidentale du palais Al-Hayr de Palmyre au mus\u00e9e de Damas. Il transforma \u00e9galement la cath\u00e9drale historique de Tartous en mus\u00e9e apr\u00e8s restauration.<\/p><p data-start=\"4931\" data-end=\"5360\">Entre 1935 et 1955, les politiques patrimoniales conservaient les d\u00e9couvertes arch\u00e9ologiques dans les mus\u00e9es de Damas et Alep. En 1955, apr\u00e8s des fissures mena\u00e7ant les collections du mus\u00e9e d\u2019Alep, il organisa un concours international pour reconstruire un nouveau mus\u00e9e, remport\u00e9 par deux architectes yougoslaves. Les lions monumentaux de Tell Halaf furent plac\u00e9s \u00e0 l\u2019entr\u00e9e, redonnant vie au deuxi\u00e8me plus grand mus\u00e9e du pays.<\/p><p data-start=\"5362\" data-end=\"5691\">Sous sa direction, tous les sites arch\u00e9ologiques furent document\u00e9s scientifiquement, chaque b\u00e2timent ayant un dossier complet avec \u00e9tudes historiques, plans et photographies, constituant un outil pr\u00e9cieux pour chercheurs et visiteurs. Un atelier sp\u00e9cialis\u00e9 fut \u00e9galement cr\u00e9\u00e9 pour restaurer les pi\u00e8ces arch\u00e9ologiques d\u00e9licates.<\/p>\t\t\t\t\t\t\t\t<\/div>\n\t\t\t\t<\/div>\n\t\t\t\t<\/div>\n\t\t\t\t\t<\/div>\n\t\t\t\t<\/div>\n\t\t\t\t<\/div>\n\t\t","protected":false},"excerpt":{"rendered":"<p>Selim Adel Abdel Haq La Syrie n\u2019a cess\u00e9 de donner naissance \u00e0 l\u2019histoire et aux hommes, civilisation apr\u00e8s civilisation, et homme apr\u00e8s homme, chacun transmettant le flambeau \u00e0 son successeur, et les anc\u00eatres ne se sont jamais lass\u00e9s de cr\u00e9er. le 14 d\u00e9cembre 1913. D\u00e8s son plus jeune \u00e2ge, il attira l\u2019attention de ses parents&#8230;<\/p>\n","protected":false},"author":2,"featured_media":10141,"comment_status":"open","ping_status":"closed","sticky":false,"template":"","format":"standard","meta":{"_kad_post_transparent":"enable","_kad_post_title":"hide","_kad_post_layout":"fullwidth","_kad_post_sidebar_id":"","_kad_post_content_style":"unboxed","_kad_post_vertical_padding":"","_kad_post_feature":"hide","_kad_post_feature_position":"","_kad_post_header":false,"_kad_post_footer":false,"_kad_post_classname":"","footnotes":""},"categories":[109],"tags":[],"class_list":["post-10718","post","type-post","status-publish","format-standard","has-post-thumbnail","hentry","category-pionniers-de-larcheologie"],"_links":{"self":[{"href":"https:\/\/dgam.gov.sy\/index.php?rest_route=\/wp\/v2\/posts\/10718","targetHints":{"allow":["GET"]}}],"collection":[{"href":"https:\/\/dgam.gov.sy\/index.php?rest_route=\/wp\/v2\/posts"}],"about":[{"href":"https:\/\/dgam.gov.sy\/index.php?rest_route=\/wp\/v2\/types\/post"}],"author":[{"embeddable":true,"href":"https:\/\/dgam.gov.sy\/index.php?rest_route=\/wp\/v2\/users\/2"}],"replies":[{"embeddable":true,"href":"https:\/\/dgam.gov.sy\/index.php?rest_route=%2Fwp%2Fv2%2Fcomments&post=10718"}],"version-history":[{"count":4,"href":"https:\/\/dgam.gov.sy\/index.php?rest_route=\/wp\/v2\/posts\/10718\/revisions"}],"predecessor-version":[{"id":10723,"href":"https:\/\/dgam.gov.sy\/index.php?rest_route=\/wp\/v2\/posts\/10718\/revisions\/10723"}],"wp:featuredmedia":[{"embeddable":true,"href":"https:\/\/dgam.gov.sy\/index.php?rest_route=\/wp\/v2\/media\/10141"}],"wp:attachment":[{"href":"https:\/\/dgam.gov.sy\/index.php?rest_route=%2Fwp%2Fv2%2Fmedia&parent=10718"}],"wp:term":[{"taxonomy":"category","embeddable":true,"href":"https:\/\/dgam.gov.sy\/index.php?rest_route=%2Fwp%2Fv2%2Fcategories&post=10718"},{"taxonomy":"post_tag","embeddable":true,"href":"https:\/\/dgam.gov.sy\/index.php?rest_route=%2Fwp%2Fv2%2Ftags&post=10718"}],"curies":[{"name":"wp","href":"https:\/\/api.w.org\/{rel}","templated":true}]}}