{"id":10729,"date":"2025-08-20T01:57:46","date_gmt":"2025-08-19T22:57:46","guid":{"rendered":"https:\/\/dgam.gov.sy\/?p=10729"},"modified":"2025-08-20T02:01:30","modified_gmt":"2025-08-19T23:01:30","slug":"adnan-al-bunni-2","status":"publish","type":"post","link":"https:\/\/dgam.gov.sy\/?p=10729&lang=fr","title":{"rendered":"Adnan Al-Bunni"},"content":{"rendered":"\t\t<div data-elementor-type=\"wp-post\" data-elementor-id=\"10729\" class=\"elementor elementor-10729\">\n\t\t\t\t<div class=\"elementor-element elementor-element-92be641 e-flex e-con-boxed e-con e-parent\" data-id=\"92be641\" data-element_type=\"container\" data-e-type=\"container\" data-settings=\"{&quot;background_background&quot;:&quot;classic&quot;}\">\n\t\t\t\t\t<div class=\"e-con-inner\">\n\t\t<div class=\"elementor-element elementor-element-089072e e-con-full e-flex e-con e-child\" data-id=\"089072e\" data-element_type=\"container\" data-e-type=\"container\">\n\t\t\t\t<\/div>\n\t\t\t\t\t<\/div>\n\t\t\t\t<\/div>\n\t\t<div class=\"elementor-element elementor-element-648c0d5 e-flex e-con-boxed e-con e-parent\" data-id=\"648c0d5\" data-element_type=\"container\" data-e-type=\"container\" data-settings=\"{&quot;background_background&quot;:&quot;classic&quot;}\">\n\t\t\t\t\t<div class=\"e-con-inner\">\n\t\t<div class=\"elementor-element elementor-element-54f6803 e-con-full e-flex e-con e-child\" data-id=\"54f6803\" data-element_type=\"container\" data-e-type=\"container\" data-settings=\"{&quot;background_background&quot;:&quot;classic&quot;}\">\n\t\t\t\t<div class=\"elementor-element elementor-element-17a36f2 elementor-widget elementor-widget-image\" data-id=\"17a36f2\" data-element_type=\"widget\" data-e-type=\"widget\" data-widget_type=\"image.default\">\n\t\t\t\t<div class=\"elementor-widget-container\">\n\t\t\t\t\t\t\t\t\t\t\t\t\t\t\t<img decoding=\"async\" width=\"185\" height=\"169\" src=\"https:\/\/dgam.gov.sy\/wp-content\/uploads\/2025\/05\/adnan_bounni-e1748040500270.jpg\" class=\"attachment-large size-large wp-image-10170\" alt=\"\" \/>\t\t\t\t\t\t\t\t\t\t\t\t\t\t\t<\/div>\n\t\t\t\t<\/div>\n\t\t\t\t<div class=\"elementor-element elementor-element-ed6617b elementor-widget elementor-widget-heading\" data-id=\"ed6617b\" data-element_type=\"widget\" data-e-type=\"widget\" data-widget_type=\"heading.default\">\n\t\t\t\t<div class=\"elementor-widget-container\">\n\t\t\t\t\t<h2 class=\"elementor-heading-title elementor-size-default\">Le Dr Adnan Al-Bunni \u2013 qu\u2019Allah ait son \u00e2me en paix<\/h2>\t\t\t\t<\/div>\n\t\t\t\t<\/div>\n\t\t\t\t<div class=\"elementor-element elementor-element-642731b elementor-widget elementor-widget-text-editor\" data-id=\"642731b\" data-element_type=\"widget\" data-e-type=\"widget\" data-widget_type=\"text-editor.default\">\n\t\t\t\t<div class=\"elementor-widget-container\">\n\t\t\t\t\t\t\t\t\t<p>Il est une figure immortelle de mon pays, n\u00e9 dans la ville de Homs \u2013 la ville du soleil et des empereurs \u2013 en 1926. Il a termin\u00e9 ses \u00e9tudes primaires et secondaires dans cette ville en 1945. D\u00e8s son plus jeune \u00e2ge, il montra des tendances artistiques et litt\u00e9raires : il re\u00e7ut un prix pour la nouvelle courte, et son inclination pour le dessin se manifesta \u00e9galement, bien qu\u2019elle soit rest\u00e9e dans le cadre d\u2019un hobby.<\/p>\t\t\t\t\t\t\t\t<\/div>\n\t\t\t\t<\/div>\n\t\t\t\t<\/div>\n\t\t<div class=\"elementor-element elementor-element-018fc35 e-con-full e-flex e-con e-child\" data-id=\"018fc35\" data-element_type=\"container\" data-e-type=\"container\">\n\t\t\t\t<div class=\"elementor-element elementor-element-f3febb4 elementor-widget elementor-widget-text-editor\" data-id=\"f3febb4\" data-element_type=\"widget\" data-e-type=\"widget\" data-widget_type=\"text-editor.default\">\n\t\t\t\t<div class=\"elementor-widget-container\">\n\t\t\t\t\t\t\t\t\t<ol><li><h3 data-start=\"95\" data-end=\"142\">Dr. Adnan Al-Bunni \u2013 Que Dieu ait son \u00e2me<\/h3><p data-start=\"144\" data-end=\"546\">Il est une figure immortelle de mon pays, n\u00e9 dans la ville de Homs \u2013 la ville du soleil et des empereurs \u2013 en 1926. Il a termin\u00e9 ses \u00e9tudes primaires et secondaires dans cette ville en 1945. D\u00e8s son plus jeune \u00e2ge, il manifesta des inclinations artistiques et litt\u00e9raires : il re\u00e7ut un prix pour la nouvelle courte, et son go\u00fbt pour le dessin \u00e9tait \u00e9galement \u00e9vident, bien qu\u2019il soit rest\u00e9 un loisir.<\/p><hr data-start=\"548\" data-end=\"551\" \/><h3 data-start=\"553\" data-end=\"589\">Formation et parcours acad\u00e9mique<\/h3><ul data-start=\"591\" data-end=\"2543\"><li data-start=\"591\" data-end=\"656\"><p data-start=\"593\" data-end=\"656\"><strong data-start=\"593\" data-end=\"603\">1946 :<\/strong> Inscription \u00e0 l\u2019Universit\u00e9 am\u00e9ricaine de Beyrouth.<\/p><\/li><li data-start=\"657\" data-end=\"787\"><p data-start=\"659\" data-end=\"787\"><strong data-start=\"659\" data-end=\"669\">1952 :<\/strong> Obtention de la licence en lettres (d\u00e9partement d\u2019histoire), puis il rejoint la province de Soueida pour enseigner.<\/p><\/li><li data-start=\"788\" data-end=\"1013\"><p data-start=\"790\" data-end=\"1013\"><strong data-start=\"790\" data-end=\"800\">1954 :<\/strong> Son professeur, Dr. Salim Adel Abdel Haq, lui confie la direction de la mission de fouilles et des \u00e9tudes arch\u00e9ologiques \u00e0 la Direction g\u00e9n\u00e9rale des antiquit\u00e9s et des mus\u00e9es, poste qu\u2019il occupera jusqu\u2019en 1998.<\/p><\/li><li data-start=\"1014\" data-end=\"1089\"><p data-start=\"1016\" data-end=\"1089\"><strong data-start=\"1016\" data-end=\"1026\">1959 :<\/strong> Charg\u00e9 d\u2019enseignement \u00e0 l\u2019Universit\u00e9 de Damas jusqu\u2019en 2000.<\/p><\/li><li data-start=\"1090\" data-end=\"1215\"><p data-start=\"1092\" data-end=\"1215\"><strong data-start=\"1092\" data-end=\"1107\">1960-1998 :<\/strong> Membre du Conseil des antiquit\u00e9s et membre du comit\u00e9 de r\u00e9daction des <em data-start=\"1178\" data-end=\"1212\">Annales arch\u00e9ologiques syriennes<\/em>.<\/p><\/li><li data-start=\"1216\" data-end=\"1339\"><p data-start=\"1218\" data-end=\"1339\">Professeur conf\u00e9rencier en histoire depuis 1959, puis au Dipl\u00f4me d\u2019arch\u00e9ologie de l\u2019Universit\u00e9 de Damas de 1983 \u00e0 2000.<\/p><\/li><li data-start=\"1340\" data-end=\"1415\"><p data-start=\"1342\" data-end=\"1415\">Membre du Conseil sup\u00e9rieur de la litt\u00e9rature et des sciences sociales.<\/p><\/li><li data-start=\"1416\" data-end=\"1551\"><p data-start=\"1418\" data-end=\"1551\">Depuis 1983 : membre de l\u2019Union des \u00e9crivains arabes et membre du comit\u00e9 de r\u00e9daction de la revue <em data-start=\"1516\" data-end=\"1534\">Patrimoine arabe<\/em> jusqu\u2019en 2000.<\/p><\/li><li data-start=\"1552\" data-end=\"1643\"><p data-start=\"1554\" data-end=\"1643\">Membre correspondant de l\u2019Acad\u00e9mie britannique et de l\u2019Institut arch\u00e9ologique allemand.<\/p><\/li><li data-start=\"1644\" data-end=\"1819\"><p data-start=\"1646\" data-end=\"1819\">Membre de l\u2019Union des francophones et de la revue scientifique internationale <em data-start=\"1724\" data-end=\"1731\">Marie<\/em>, ainsi que de plusieurs institutions scientifiques et arch\u00e9ologiques internationales.<\/p><\/li><li data-start=\"1820\" data-end=\"1897\"><p data-start=\"1822\" data-end=\"1897\">Membre du Conseil d\u2019administration du <em data-start=\"1860\" data-end=\"1894\">Dictionnaire g\u00e9ographique syrien<\/em>.<\/p><\/li><li data-start=\"1898\" data-end=\"2013\"><p data-start=\"1900\" data-end=\"2013\">Membre du comit\u00e9 sup\u00e9rieur pour la restauration et le d\u00e9veloppement de la Grande Mosqu\u00e9e des Omeyyades \u00e0 Damas.<\/p><\/li><li data-start=\"2014\" data-end=\"2140\"><p data-start=\"2016\" data-end=\"2140\">Membre du comit\u00e9 international de l\u2019UNESCO pour la protection des antiquit\u00e9s du centre historique de Beyrouth (1995-1996).<\/p><\/li><li data-start=\"2141\" data-end=\"2222\"><p data-start=\"2143\" data-end=\"2222\">Secr\u00e9taire du Congr\u00e8s international des antiquit\u00e9s classiques \u00e0 Damas (1969).<\/p><\/li><li data-start=\"2223\" data-end=\"2435\"><p data-start=\"2225\" data-end=\"2435\">Secr\u00e9taire de colloques internationaux : \u00e9tudes ougaritiques \u00e0 Lattaqui\u00e9 (1975), Palmyre et la route de la soie (1992), commissaire g\u00e9n\u00e9ral de l\u2019exposition syrienne \u00e0 l\u2019Institut du monde arabe \u00e0 Paris (1993).<\/p><\/li><li data-start=\"2436\" data-end=\"2543\"><p data-start=\"2438\" data-end=\"2543\">Conf\u00e9rencier dans de nombreuses universit\u00e9s en Europe, aux \u00c9tats-Unis, au Japon et dans le monde arabe.<\/p><\/li><\/ul><hr data-start=\"2545\" data-end=\"2548\" \/><h3 data-start=\"2550\" data-end=\"2619\">Missions dans la direction des fouilles arch\u00e9ologiques nationales<\/h3><p data-start=\"2621\" data-end=\"2685\">Une liste r\u00e9sum\u00e9e de ses principales missions arch\u00e9ologiques :<\/p><ul data-start=\"2687\" data-end=\"3620\"><li data-start=\"2687\" data-end=\"2808\"><p data-start=\"2689\" data-end=\"2808\"><strong data-start=\"2689\" data-end=\"2704\">1955-1958 :<\/strong> Direction des missions syriennes \u00e0 Umm Huran, Tel Abu Ali, Zakir, Diames, et divers sites de Palmyre.<\/p><\/li><li data-start=\"2809\" data-end=\"2875\"><p data-start=\"2811\" data-end=\"2875\"><strong data-start=\"2811\" data-end=\"2826\">1960-1962 :<\/strong> Fouilles \u00e0 Tel Kizel (Simira, sud de Tartous).<\/p><\/li><li data-start=\"2876\" data-end=\"2961\"><p data-start=\"2878\" data-end=\"2961\"><strong data-start=\"2878\" data-end=\"2893\">1963-1964 :<\/strong> Direction de six sites \u00e0 Palmyre, dont le c\u00e9l\u00e8bre temple de Nab\u00fb.<\/p><\/li><li data-start=\"2962\" data-end=\"3061\"><p data-start=\"2964\" data-end=\"3061\"><strong data-start=\"2964\" data-end=\"2979\">1965-1969 :<\/strong> Fouilles \u00e0 l\u2019Agora, le Forum, le temple de C\u00e9sar et diverses places de Palmyre.<\/p><\/li><li data-start=\"3062\" data-end=\"3245\"><p data-start=\"3064\" data-end=\"3245\"><strong data-start=\"3064\" data-end=\"3079\">1970-1975 :<\/strong> Fouilles autour des thermes et du temple de Nab\u00fb, missions de sauvetage du barrage de l\u2019Euphrate, missions conjointes syriennes-italiennes et syriennes-fran\u00e7aises.<\/p><\/li><li data-start=\"3246\" data-end=\"3374\"><p data-start=\"3248\" data-end=\"3374\"><strong data-start=\"3248\" data-end=\"3263\">1975-2002 :<\/strong> Participation \u00e0 la direction conjointe des missions syriennes-fran\u00e7aises \u00e0 Ras Ibn Hani (nord de Lattaqui\u00e9).<\/p><\/li><li data-start=\"3375\" data-end=\"3620\"><p data-start=\"3377\" data-end=\"3620\"><strong data-start=\"3377\" data-end=\"3392\">1980-2000 :<\/strong> Supervision de nombreuses sessions de formation d\u2019\u00e9tudiants sur les fouilles \u00e0 Palmyre, Bosra, Al-Mamskhin, Tel Kizel, Ras Ibn Hani, Tel Saka et pr\u00e9paration des jeunes cadres de la Direction g\u00e9n\u00e9rale des antiquit\u00e9s et mus\u00e9es.<\/p><\/li><\/ul><hr data-start=\"3622\" data-end=\"3625\" \/><h3 data-start=\"3627\" data-end=\"3655\">Publications principales<\/h3><ul data-start=\"3657\" data-end=\"4422\"><li data-start=\"3657\" data-end=\"3687\"><p data-start=\"3659\" data-end=\"3687\"><em data-start=\"3659\" data-end=\"3665\">1962<\/em> \u2013 L\u2019art palmyr\u00e9nien<\/p><\/li><li data-start=\"3688\" data-end=\"3750\"><p data-start=\"3690\" data-end=\"3750\"><em data-start=\"3690\" data-end=\"3696\">1966<\/em> \u2013 Introduction \u00e0 l\u2019histoire du Proche-Orient ancien<\/p><\/li><li data-start=\"3751\" data-end=\"3831\"><p data-start=\"3753\" data-end=\"3831\"><em data-start=\"3753\" data-end=\"3759\">1975<\/em> \u2013 Les inscriptions palmyr\u00e9niennes (avec Xavier Tissidor, en fran\u00e7ais)<\/p><\/li><li data-start=\"3832\" data-end=\"3877\"><p data-start=\"3834\" data-end=\"3877\"><em data-start=\"3834\" data-end=\"3840\">1976<\/em> \u2013 La fouille arch\u00e9ologique moderne<\/p><\/li><li data-start=\"3878\" data-end=\"3918\"><p data-start=\"3880\" data-end=\"3918\"><em data-start=\"3880\" data-end=\"3886\">1978<\/em> \u2013 Palmyre et les Palmyr\u00e9niens<\/p><\/li><li data-start=\"3919\" data-end=\"4041\"><p data-start=\"3921\" data-end=\"4041\"><em data-start=\"3921\" data-end=\"3927\">1979<\/em> \u2013 Palmyre : arch\u00e9ologie et histoire (avec Khaled Al-Asaad), en fran\u00e7ais, anglais, allemand, japonais et italien<\/p><\/li><li data-start=\"4042\" data-end=\"4111\"><p data-start=\"4044\" data-end=\"4111\"><em data-start=\"4044\" data-end=\"4050\">1986<\/em> \u2013 Le temple de Nab\u00fb \u00e0 Palmyre (trois volumes, en fran\u00e7ais)<\/p><\/li><li data-start=\"4112\" data-end=\"4158\"><p data-start=\"4114\" data-end=\"4158\"><em data-start=\"4114\" data-end=\"4120\">1987<\/em> \u2013 Femmes sur les chemins de Palmyre<\/p><\/li><li data-start=\"4159\" data-end=\"4191\"><p data-start=\"4161\" data-end=\"4191\"><em data-start=\"4161\" data-end=\"4167\">1990<\/em> \u2013 Apollodore de Damas<\/p><\/li><li data-start=\"4192\" data-end=\"4255\"><p data-start=\"4194\" data-end=\"4255\"><em data-start=\"4194\" data-end=\"4200\">1994<\/em> \u2013 Les sculptures palmyr\u00e9niennes (avec Anna Sadurska)<\/p><\/li><li data-start=\"4256\" data-end=\"4334\"><p data-start=\"4258\" data-end=\"4334\"><em data-start=\"4258\" data-end=\"4264\">1998<\/em> \u2013 Ras Ibn Hani (avec Jacques La Gars, prix de l\u2019Acad\u00e9mie fran\u00e7aise)<\/p><\/li><li data-start=\"4335\" data-end=\"4422\"><p data-start=\"4337\" data-end=\"4422\"><em data-start=\"4337\" data-end=\"4343\">2001<\/em> \u2013 Introduction \u00e0 l\u2019histoire de l\u2019\u00e9criture dans le Proche-Orient arabe ancien<\/p><\/li><\/ul><hr data-start=\"4424\" data-end=\"4427\" \/><h3 data-start=\"4429\" data-end=\"4455\">Articles et recherches<\/h3><p data-start=\"4457\" data-end=\"4639\">Environ 200 articles et conf\u00e9rences sur l\u2019arch\u00e9ologie et l\u2019histoire en arabe, fran\u00e7ais et anglais, publi\u00e9s dans des revues et encyclop\u00e9dies scientifiques arabes et internationales.<\/p><hr data-start=\"4641\" data-end=\"4644\" \/><h3 data-start=\"4646\" data-end=\"4675\">Distinctions et m\u00e9dailles<\/h3><ul data-start=\"4677\" data-end=\"5484\"><li data-start=\"4677\" data-end=\"4734\"><p data-start=\"4679\" data-end=\"4734\">Ordre d\u2019Orange-Nassau (Pays-Bas) \u2013 Grade : Commandeur<\/p><\/li><li data-start=\"4735\" data-end=\"4785\"><p data-start=\"4737\" data-end=\"4785\">Palme acad\u00e9mique (France) \u2013 Grade : Commandeur<\/p><\/li><li data-start=\"4786\" data-end=\"4834\"><p data-start=\"4788\" data-end=\"4834\">L\u00e9gion d\u2019honneur (France) \u2013 Grade : Officier<\/p><\/li><li data-start=\"4835\" data-end=\"4882\"><p data-start=\"4837\" data-end=\"4882\">Ordre du M\u00e9rite (Italie) \u2013 Grade : Officier<\/p><\/li><li data-start=\"4883\" data-end=\"4936\"><p data-start=\"4885\" data-end=\"4936\">Ordre de L\u00e9opold II (Belgique) \u2013 Grade : Officier<\/p><\/li><li data-start=\"4937\" data-end=\"4990\"><p data-start=\"4939\" data-end=\"4990\">Ordre de Dannebrog (Danemark) \u2013 Grade : Chevalier<\/p><\/li><li data-start=\"4991\" data-end=\"5030\"><p data-start=\"4993\" data-end=\"5030\">M\u00e9daille Coll\u00e8ge de France (France)<\/p><\/li><li data-start=\"5031\" data-end=\"5085\"><p data-start=\"5033\" data-end=\"5085\">M\u00e9daille Schliemann, Acad\u00e9mie des sciences, Berlin<\/p><\/li><li data-start=\"5086\" data-end=\"5189\"><p data-start=\"5088\" data-end=\"5189\"><em data-start=\"5088\" data-end=\"5094\">1990<\/em> \u2013 Publication comm\u00e9morative \u201cR\u00e9veil du pass\u00e9 en hommage \u00e0 Adnan Al-Bunni\u201d (Leiden, Pays-Bas)<\/p><\/li><li data-start=\"5190\" data-end=\"5288\"><p data-start=\"5192\" data-end=\"5288\"><em data-start=\"5192\" data-end=\"5198\">1994<\/em> \u2013 Prix de l\u2019Union europ\u00e9enne, Universit\u00e9 de Venise (pour les sculptures palmyr\u00e9niennes)<\/p><\/li><li data-start=\"5289\" data-end=\"5391\"><p data-start=\"5291\" data-end=\"5391\"><em data-start=\"5291\" data-end=\"5297\">1999<\/em> \u2013 Reconnaissance par l\u2019Association des recherches et \u00e9tudes de l\u2019Union des \u00e9crivains arabes<\/p><\/li><li data-start=\"5392\" data-end=\"5484\"><p data-start=\"5394\" data-end=\"5484\"><em data-start=\"5394\" data-end=\"5400\">2000<\/em> \u2013 Reconnaissance par l\u2019Universit\u00e9 de Damas et Prix Bordin de l\u2019Acad\u00e9mie fran\u00e7aise<\/p><\/li><\/ul><hr data-start=\"5486\" data-end=\"5489\" \/><h3 data-start=\"5491\" data-end=\"5513\">Langues ma\u00eetris\u00e9es<\/h3><p data-start=\"5515\" data-end=\"5580\">Arabe, fran\u00e7ais, anglais, et recherches en aram\u00e9en palmyr\u00e9nien.<\/p><hr data-start=\"5582\" data-end=\"5585\" \/><h3 data-start=\"5587\" data-end=\"5621\">Citation de Dr. Adnan Al-Bunni<\/h3><blockquote data-start=\"5623\" data-end=\"6332\"><p data-start=\"5625\" data-end=\"6332\">\u00ab Plus l\u2019horizon s\u2019\u00e9largit, plus l\u2019expression devient \u00e9troite. Pour \u00e9crire de mani\u00e8re compl\u00e8te et exacte, l\u2019homme doit r\u00e9fl\u00e9chir, r\u00e9viser et corriger. Il est regrettable que les livres soient jug\u00e9s selon leur nombre de pages. Nous pratiquons la critique historique, et notre capacit\u00e9 \u00e0 accepter la critique nous permet d\u2019\u00e9crire correctement notre histoire. L\u2019histoire n\u2019est pas la simple narration des \u00e9v\u00e9nements, mais l\u2019art de les analyser, de d\u00e9couvrir les lois qui r\u00e9gissent l\u2019univers. Les id\u00e9es grandes et constructives ne naissent pas du n\u00e9ant. Notre histoire ancienne poss\u00e8de ses lois, son mouvement et ses faits, bas\u00e9s sur des documents que nous commen\u00e7ons \u00e0 r\u00e9v\u00e9ler abondamment dans notre terre. \u00bb<\/p><\/blockquote><blockquote data-start=\"6334\" data-end=\"6557\"><p data-start=\"6336\" data-end=\"6557\">\u00ab La fouille arch\u00e9ologique n\u2019est pas un luxe scientifique, ni un simple creusement, ni une obsession de tr\u00e9sors, mais un processus civilisationnel extr\u00eamement important, li\u00e9 aux vestiges les plus sacr\u00e9s de l\u2019humanit\u00e9. \u00bb<\/p><\/blockquote><hr data-start=\"6559\" data-end=\"6562\" \/><h3 data-start=\"6564\" data-end=\"6578\">R\u00e9f\u00e9rences<\/h3><ul data-start=\"6580\" data-end=\"6809\"><li data-start=\"6580\" data-end=\"6689\"><p data-start=\"6582\" data-end=\"6689\">Ali Al-Qayem, <em data-start=\"6596\" data-end=\"6661\">Adnan Al-Bunni : Arch\u00e9ologue sur les chemins de la civilisation<\/em>, Minist\u00e8re de la Culture.<\/p><\/li><li data-start=\"6690\" data-end=\"6809\"><p data-start=\"6692\" data-end=\"6809\"><em data-start=\"6692\" data-end=\"6712\">Dr. Adnan Al-Bunni<\/em>, dans <em data-start=\"6719\" data-end=\"6778\">\u00c9crivains honor\u00e9s : Biographie scientifique et acad\u00e9mique<\/em>, Union des \u00e9crivains arabes.<\/p><\/li><\/ul><\/li><\/ol>\t\t\t\t\t\t\t\t<\/div>\n\t\t\t\t<\/div>\n\t\t\t\t<\/div>\n\t\t\t\t\t<\/div>\n\t\t\t\t<\/div>\n\t\t\t\t<\/div>\n\t\t","protected":false},"excerpt":{"rendered":"<p>Le Dr Adnan Al-Bunni \u2013 qu\u2019Allah ait son \u00e2me en paix Il est une figure immortelle de mon pays, n\u00e9 dans la ville de Homs \u2013 la ville du soleil et des empereurs \u2013 en 1926. Il a termin\u00e9 ses \u00e9tudes primaires et secondaires dans cette ville en 1945. D\u00e8s son plus jeune \u00e2ge, il&#8230;<\/p>\n","protected":false},"author":2,"featured_media":10170,"comment_status":"open","ping_status":"closed","sticky":false,"template":"","format":"standard","meta":{"_kad_post_transparent":"enable","_kad_post_title":"hide","_kad_post_layout":"fullwidth","_kad_post_sidebar_id":"","_kad_post_content_style":"unboxed","_kad_post_vertical_padding":"","_kad_post_feature":"hide","_kad_post_feature_position":"","_kad_post_header":false,"_kad_post_footer":false,"_kad_post_classname":"","footnotes":""},"categories":[109],"tags":[],"class_list":["post-10729","post","type-post","status-publish","format-standard","has-post-thumbnail","hentry","category-pionniers-de-larcheologie"],"_links":{"self":[{"href":"https:\/\/dgam.gov.sy\/index.php?rest_route=\/wp\/v2\/posts\/10729","targetHints":{"allow":["GET"]}}],"collection":[{"href":"https:\/\/dgam.gov.sy\/index.php?rest_route=\/wp\/v2\/posts"}],"about":[{"href":"https:\/\/dgam.gov.sy\/index.php?rest_route=\/wp\/v2\/types\/post"}],"author":[{"embeddable":true,"href":"https:\/\/dgam.gov.sy\/index.php?rest_route=\/wp\/v2\/users\/2"}],"replies":[{"embeddable":true,"href":"https:\/\/dgam.gov.sy\/index.php?rest_route=%2Fwp%2Fv2%2Fcomments&post=10729"}],"version-history":[{"count":4,"href":"https:\/\/dgam.gov.sy\/index.php?rest_route=\/wp\/v2\/posts\/10729\/revisions"}],"predecessor-version":[{"id":10733,"href":"https:\/\/dgam.gov.sy\/index.php?rest_route=\/wp\/v2\/posts\/10729\/revisions\/10733"}],"wp:featuredmedia":[{"embeddable":true,"href":"https:\/\/dgam.gov.sy\/index.php?rest_route=\/wp\/v2\/media\/10170"}],"wp:attachment":[{"href":"https:\/\/dgam.gov.sy\/index.php?rest_route=%2Fwp%2Fv2%2Fmedia&parent=10729"}],"wp:term":[{"taxonomy":"category","embeddable":true,"href":"https:\/\/dgam.gov.sy\/index.php?rest_route=%2Fwp%2Fv2%2Fcategories&post=10729"},{"taxonomy":"post_tag","embeddable":true,"href":"https:\/\/dgam.gov.sy\/index.php?rest_route=%2Fwp%2Fv2%2Ftags&post=10729"}],"curies":[{"name":"wp","href":"https:\/\/api.w.org\/{rel}","templated":true}]}}