{"id":10747,"date":"2025-08-20T02:19:55","date_gmt":"2025-08-19T23:19:55","guid":{"rendered":"https:\/\/dgam.gov.sy\/?p=10747"},"modified":"2025-08-20T02:19:56","modified_gmt":"2025-08-19T23:19:56","slug":"inauguration-dune-exposition-photographique-sur-le-mur-du-musee-national-de-tartous","status":"publish","type":"post","link":"https:\/\/dgam.gov.sy\/?p=10747&lang=fr","title":{"rendered":"Inauguration d\u2019une exposition photographique sur le mur du Mus\u00e9e National de Tartous"},"content":{"rendered":"\n<p><strong>Sous le patronage du Minist\u00e8re de la Culture<\/strong><br><strong>Direction G\u00e9n\u00e9rale des Antiquit\u00e9s et des Mus\u00e9es<\/strong><br><strong>En collaboration avec la mission hongroise travaillant au Ch\u00e2teau Al-Marqab<\/strong><\/p>\n\n\n\n<p>Vous \u00eates cordialement invit\u00e9s \u00e0 l\u2019inauguration de l\u2019<strong>exposition photographique sur le mur du Mus\u00e9e National de Tartous<\/strong>, intitul\u00e9e <strong>\u00ab Les d\u00e9couvertes arch\u00e9ologiques \u00e0 Tartous \u00bb<\/strong>.<\/p>\n\n\n\n<p>L\u2019exposition sera accompagn\u00e9e d\u2019un <strong>s\u00e9minaire scientifique au Mus\u00e9e de Tartous<\/strong> intitul\u00e9 <strong>\u00ab Tartous \u00e0 travers les d\u00e9couvertes arch\u00e9ologiques \u00bb<\/strong>, ainsi que d\u2019une <strong>exposition-vente de publications de la Direction G\u00e9n\u00e9rale des Antiquit\u00e9s et des Mus\u00e9es<\/strong>.<\/p>\n\n\n\n<p>\ud83d\udcc5 <strong>Jeudi 17 juin 2021<\/strong><br>\u23f0 <strong>09h00<\/strong><\/p>\n\n\n\n<p><strong>Entr\u00e9e libre<\/strong><\/p>\n","protected":false},"excerpt":{"rendered":"<p>Sous le patronage du Minist\u00e8re de la CultureDirection G\u00e9n\u00e9rale des Antiquit\u00e9s et des Mus\u00e9esEn collaboration avec la mission hongroise travaillant au Ch\u00e2teau Al-Marqab Vous \u00eates cordialement invit\u00e9s \u00e0 l\u2019inauguration de l\u2019exposition photographique sur le mur du Mus\u00e9e National de Tartous, intitul\u00e9e \u00ab Les d\u00e9couvertes arch\u00e9ologiques \u00e0 Tartous \u00bb. L\u2019exposition sera accompagn\u00e9e d\u2019un s\u00e9minaire scientifique au&#8230;<\/p>\n","protected":false},"author":2,"featured_media":5804,"comment_status":"closed","ping_status":"closed","sticky":false,"template":"","format":"standard","meta":{"_kad_post_transparent":"","_kad_post_title":"","_kad_post_layout":"","_kad_post_sidebar_id":"","_kad_post_content_style":"","_kad_post_vertical_padding":"","_kad_post_feature":"","_kad_post_feature_position":"","_kad_post_header":false,"_kad_post_footer":false,"_kad_post_classname":"","footnotes":""},"categories":[105,101,107],"tags":[],"class_list":["post-10747","post","type-post","status-publish","format-standard","has-post-thumbnail","hentry","category-actualites","category-actualites-archeologiques-locales-et-internationales","category-actualites-des-expositions-archeologiques-dans-le-monde"],"_links":{"self":[{"href":"https:\/\/dgam.gov.sy\/index.php?rest_route=\/wp\/v2\/posts\/10747","targetHints":{"allow":["GET"]}}],"collection":[{"href":"https:\/\/dgam.gov.sy\/index.php?rest_route=\/wp\/v2\/posts"}],"about":[{"href":"https:\/\/dgam.gov.sy\/index.php?rest_route=\/wp\/v2\/types\/post"}],"author":[{"embeddable":true,"href":"https:\/\/dgam.gov.sy\/index.php?rest_route=\/wp\/v2\/users\/2"}],"replies":[{"embeddable":true,"href":"https:\/\/dgam.gov.sy\/index.php?rest_route=%2Fwp%2Fv2%2Fcomments&post=10747"}],"version-history":[{"count":1,"href":"https:\/\/dgam.gov.sy\/index.php?rest_route=\/wp\/v2\/posts\/10747\/revisions"}],"predecessor-version":[{"id":10748,"href":"https:\/\/dgam.gov.sy\/index.php?rest_route=\/wp\/v2\/posts\/10747\/revisions\/10748"}],"wp:featuredmedia":[{"embeddable":true,"href":"https:\/\/dgam.gov.sy\/index.php?rest_route=\/wp\/v2\/media\/5804"}],"wp:attachment":[{"href":"https:\/\/dgam.gov.sy\/index.php?rest_route=%2Fwp%2Fv2%2Fmedia&parent=10747"}],"wp:term":[{"taxonomy":"category","embeddable":true,"href":"https:\/\/dgam.gov.sy\/index.php?rest_route=%2Fwp%2Fv2%2Fcategories&post=10747"},{"taxonomy":"post_tag","embeddable":true,"href":"https:\/\/dgam.gov.sy\/index.php?rest_route=%2Fwp%2Fv2%2Ftags&post=10747"}],"curies":[{"name":"wp","href":"https:\/\/api.w.org\/{rel}","templated":true}]}}