{"id":10749,"date":"2025-08-20T02:21:27","date_gmt":"2025-08-19T23:21:27","guid":{"rendered":"https:\/\/dgam.gov.sy\/?p=10749"},"modified":"2025-08-20T02:21:29","modified_gmt":"2025-08-19T23:21:29","slug":"inauguration-dune-exposition-photographique-sur-le-mur-du-musee-national-de-tartous-2","status":"publish","type":"post","link":"https:\/\/dgam.gov.sy\/?p=10749&lang=fr","title":{"rendered":"Inauguration d\u2019une exposition photographique sur le mur du Mus\u00e9e National de Tartous"},"content":{"rendered":"\n<p>Sous le patronage du <strong>Minist\u00e8re de la Culture<\/strong> et de la <strong>Direction G\u00e9n\u00e9rale des Antiquit\u00e9s et des Mus\u00e9es<\/strong>, et en collaboration avec la mission hongroise travaillant au Ch\u00e2teau Al-Marqab, nous avons le plaisir de vous inviter \u00e0 l\u2019<strong>inauguration d\u2019une exposition photographique sur le mur du Mus\u00e9e National de Tartous<\/strong>, intitul\u00e9e <strong>\u00ab Les d\u00e9couvertes arch\u00e9ologiques \u00e0 Tartous \u00bb<\/strong>.<\/p>\n\n\n\n<p>L\u2019exposition sera accompagn\u00e9e d\u2019un <strong>s\u00e9minaire scientifique au Mus\u00e9e de Tartous<\/strong> intitul\u00e9 <strong>\u00ab Tartous \u00e0 travers les d\u00e9couvertes arch\u00e9ologiques \u00bb<\/strong>, ainsi que d\u2019une <strong>exposition-vente de publications de la Direction G\u00e9n\u00e9rale des Antiquit\u00e9s et des Mus\u00e9es<\/strong>.<\/p>\n\n\n\n<p>\ud83d\udcc5 <strong>Jeudi 17 juin 2021 \u00e0 9h00<\/strong><br>\ud83d\udccd Mus\u00e9e National de Tartous<\/p>\n\n\n\n<p><strong>Entr\u00e9e libre<\/strong><\/p>\n","protected":false},"excerpt":{"rendered":"<p>Sous le patronage du Minist\u00e8re de la Culture et de la Direction G\u00e9n\u00e9rale des Antiquit\u00e9s et des Mus\u00e9es, et en collaboration avec la mission hongroise travaillant au Ch\u00e2teau Al-Marqab, nous avons le plaisir de vous inviter \u00e0 l\u2019inauguration d\u2019une exposition photographique sur le mur du Mus\u00e9e National de Tartous, intitul\u00e9e \u00ab Les d\u00e9couvertes arch\u00e9ologiques \u00e0&#8230;<\/p>\n","protected":false},"author":2,"featured_media":5804,"comment_status":"closed","ping_status":"closed","sticky":false,"template":"","format":"standard","meta":{"_kad_post_transparent":"","_kad_post_title":"","_kad_post_layout":"","_kad_post_sidebar_id":"","_kad_post_content_style":"","_kad_post_vertical_padding":"","_kad_post_feature":"","_kad_post_feature_position":"","_kad_post_header":false,"_kad_post_footer":false,"_kad_post_classname":"","footnotes":""},"categories":[105,101,107],"tags":[],"class_list":["post-10749","post","type-post","status-publish","format-standard","has-post-thumbnail","hentry","category-actualites","category-actualites-archeologiques-locales-et-internationales","category-actualites-des-expositions-archeologiques-dans-le-monde"],"_links":{"self":[{"href":"https:\/\/dgam.gov.sy\/index.php?rest_route=\/wp\/v2\/posts\/10749","targetHints":{"allow":["GET"]}}],"collection":[{"href":"https:\/\/dgam.gov.sy\/index.php?rest_route=\/wp\/v2\/posts"}],"about":[{"href":"https:\/\/dgam.gov.sy\/index.php?rest_route=\/wp\/v2\/types\/post"}],"author":[{"embeddable":true,"href":"https:\/\/dgam.gov.sy\/index.php?rest_route=\/wp\/v2\/users\/2"}],"replies":[{"embeddable":true,"href":"https:\/\/dgam.gov.sy\/index.php?rest_route=%2Fwp%2Fv2%2Fcomments&post=10749"}],"version-history":[{"count":1,"href":"https:\/\/dgam.gov.sy\/index.php?rest_route=\/wp\/v2\/posts\/10749\/revisions"}],"predecessor-version":[{"id":10750,"href":"https:\/\/dgam.gov.sy\/index.php?rest_route=\/wp\/v2\/posts\/10749\/revisions\/10750"}],"wp:featuredmedia":[{"embeddable":true,"href":"https:\/\/dgam.gov.sy\/index.php?rest_route=\/wp\/v2\/media\/5804"}],"wp:attachment":[{"href":"https:\/\/dgam.gov.sy\/index.php?rest_route=%2Fwp%2Fv2%2Fmedia&parent=10749"}],"wp:term":[{"taxonomy":"category","embeddable":true,"href":"https:\/\/dgam.gov.sy\/index.php?rest_route=%2Fwp%2Fv2%2Fcategories&post=10749"},{"taxonomy":"post_tag","embeddable":true,"href":"https:\/\/dgam.gov.sy\/index.php?rest_route=%2Fwp%2Fv2%2Ftags&post=10749"}],"curies":[{"name":"wp","href":"https:\/\/api.w.org\/{rel}","templated":true}]}}